{"id":5600,"date":"2021-02-17T12:57:14","date_gmt":"2021-02-17T20:57:14","guid":{"rendered":"https:\/\/janaoncamera.com\/?p=5600"},"modified":"2021-02-17T12:57:14","modified_gmt":"2021-02-17T20:57:14","slug":"the-boarding-school-las-cumbres-launches-on-amazon-prime-video","status":"publish","type":"post","link":"https:\/\/janaoncamera.com\/br\/the-boarding-school-las-cumbres-launches-on-amazon-prime-video\/","title":{"rendered":"THE BOARDING SCHOOL LAS CUMBRES launches on Amazon Prime Video"},"content":{"rendered":"<p>Who is ready to go back to boarding school? THE BOARDING SCHOOL LAS CUMBRES is set in a boarding school next to an old monastery, nestled deep in the mountains, completely isolated from the outside world. The students are rebellious and difficult children who will live under the school\u2019s strict discipline to prepare them for reintegration into society. The surrounding forest is home to ancient legends, timeless menaces that still threaten the students as they find themselves in thrilling and terrifying adventures.<\/p>\n<p><a href=\"https:\/\/i0.wp.com\/janaoncamera.com\/wp-content\/uploads\/2021\/02\/image004.png?ssl=1\"><img data-recalc-dims=\"1\" loading=\"lazy\" decoding=\"async\" data-attachment-id=\"5602\" data-permalink=\"https:\/\/janaoncamera.com\/br\/the-boarding-school-las-cumbres-launches-on-amazon-prime-video\/image004-2\/\" data-orig-file=\"https:\/\/i0.wp.com\/janaoncamera.com\/wp-content\/uploads\/2021\/02\/image004.png?fit=433%2C623&amp;ssl=1\" data-orig-size=\"433,623\" data-comments-opened=\"1\" data-image-meta=\"{&quot;aperture&quot;:&quot;0&quot;,&quot;credit&quot;:&quot;&quot;,&quot;camera&quot;:&quot;&quot;,&quot;caption&quot;:&quot;&quot;,&quot;created_timestamp&quot;:&quot;0&quot;,&quot;copyright&quot;:&quot;&quot;,&quot;focal_length&quot;:&quot;0&quot;,&quot;iso&quot;:&quot;0&quot;,&quot;shutter_speed&quot;:&quot;0&quot;,&quot;title&quot;:&quot;&quot;,&quot;orientation&quot;:&quot;0&quot;}\" data-image-title=\"image004\" data-image-description=\"\" data-image-caption=\"\" data-large-file=\"https:\/\/i0.wp.com\/janaoncamera.com\/wp-content\/uploads\/2021\/02\/image004.png?fit=433%2C623&amp;ssl=1\" class=\"size-medium wp-image-5602 aligncenter\" src=\"https:\/\/i0.wp.com\/janaoncamera.com\/wp-content\/uploads\/2021\/02\/image004.png?resize=209%2C300&#038;ssl=1\" alt=\"\" width=\"209\" height=\"300\" srcset=\"https:\/\/i0.wp.com\/janaoncamera.com\/wp-content\/uploads\/2021\/02\/image004.png?resize=209%2C300&amp;ssl=1 209w, https:\/\/i0.wp.com\/janaoncamera.com\/wp-content\/uploads\/2021\/02\/image004.png?w=433&amp;ssl=1 433w\" sizes=\"auto, (max-width: 209px) 100vw, 209px\" \/><\/a><\/p>\n<p>The eight-episode series is premiering exclusively on February 19 on Amazon Prime in more than 200 countries and territories around the world. The series stars Asia Ortega, Albert Salazar, Daniel Arias, Daniela Rubio, Claudia Riera, Paula del R\u00edo, Gonzalo D\u00edez, Carlos Alcaide, Sara Balerdi and Francisca Aronsson.<\/p>\n<p>The adult cast includes Natalia Dicenta, Ramiro Blas, Alberto Amarilla, Mina El Hammani, Joel Bosqued, Patxi Santamar\u00eda, Lucas Velasco, Joseba Usabiaga, Amaia Lizarralde, I\u00f1ake Irastorza, Aitor Beltr\u00e1n and K\u00e1ndido Uranga.<\/p>\n<p>THE BOARDING SCHOOL LAS CUMBRES is a joint production from THE MEDIAPRO STUDIO and Atresmedia Studios (BUENDIA ESTUDIOS). THE MEDIAPRO STUDIO\u2019s Laura Belloso, Laura Fern\u00e1ndez Espeso and Javier Pons, and Atresmedia Studio\u2019s Ignacio Corrales and Sonia Mart\u00ednez are heading up the executive production team. These renowned producers will lead the team of scriptwriters, put together by Asier Andueza, the co-creator of this latest installment, along with Laura Belloso, Sara Belloso, and Abraham Sastre, who helped write El Internado: La Laguna Negra.<\/p>\n<div class=\"jetpack-video-wrapper\"><span class=\"embed-youtube\" style=\"text-align:center; display: block;\"><iframe loading=\"lazy\" class=\"youtube-player\" width=\"639\" height=\"360\" src=\"https:\/\/www.youtube.com\/embed\/sdytEqadkQY?version=3&#038;rel=1&#038;showsearch=0&#038;showinfo=1&#038;iv_load_policy=1&#038;fs=1&#038;hl=pt-BR&#038;autohide=2&#038;wmode=transparent\" allowfullscreen=\"true\" style=\"border:0;\" sandbox=\"allow-scripts allow-same-origin allow-popups allow-presentation allow-popups-to-escape-sandbox\"><\/iframe><\/span><\/div>\n","protected":false},"excerpt":{"rendered":"<p>Who is ready to go back to boarding school? THE BOARDING SCHOOL LAS CUMBRES is set in a boarding school next to an old monastery, nestled deep in the mountains, completely isolated [&hellip;]<\/p>\n","protected":false},"author":65443104,"featured_media":5603,"comment_status":"open","ping_status":"open","sticky":false,"template":"","format":"standard","meta":{"_coblocks_attr":"","_coblocks_dimensions":"","_coblocks_responsive_height":"","_coblocks_accordion_ie_support":"","_crdt_document":"","_jetpack_newsletter_access":"","_jetpack_dont_email_post_to_subs":false,"_jetpack_newsletter_tier_id":0,"_jetpack_memberships_contains_paywalled_content":false,"_jetpack_memberships_contains_paid_content":false,"footnotes":"","jetpack_publicize_message":"THE BOARDING SCHOOL LAS CUMBRES launches on Amazon Prime Video","jetpack_publicize_feature_enabled":true,"jetpack_social_post_already_shared":true,"jetpack_social_options":{"image_generator_settings":{"template":"highway","default_image_id":0,"font":"","enabled":false},"version":2},"jetpack_post_was_ever_published":false},"categories":[5467,103,22885,483530636],"tags":[85479727,711387609,711387610],"class_list":["post-5600","post","type-post","status-publish","format-standard","has-post-thumbnail","hentry","category-drama","category-news","category-trailer","category-trailers","tag-amazon-prime-video","tag-el-internado","tag-the-boarding-school-las-cumbres"],"translation":{"provider":"WPGlobus","version":"3.0.2","language":"br","enabled_languages":["en","br"],"languages":{"en":{"title":true,"content":true,"excerpt":false},"br":{"title":false,"content":false,"excerpt":false}}},"yoast_head":"<!-- This site is optimized with the Yoast SEO plugin v27.5 - https:\/\/yoast.com\/product\/yoast-seo-wordpress\/ -->\n<title>THE BOARDING SCHOOL LAS CUMBRES launches on Amazon Prime Video - Jana On Camera<\/title>\n<meta name=\"robots\" content=\"index, follow, max-snippet:-1, max-image-preview:large, max-video-preview:-1\" \/>\n<link rel=\"canonical\" href=\"https:\/\/janaoncamera.com\/br\/the-boarding-school-las-cumbres-launches-on-amazon-prime-video\/\" \/>\n<meta property=\"og:locale\" content=\"pt_BR\" \/>\n<meta property=\"og:type\" content=\"article\" \/>\n<meta property=\"og:title\" content=\"THE BOARDING SCHOOL LAS CUMBRES launches on Amazon Prime Video - Jana On Camera\" \/>\n<meta property=\"og:url\" content=\"https:\/\/janaoncamera.com\/br\/the-boarding-school-las-cumbres-launches-on-amazon-prime-video\/\" \/>\n<meta property=\"og:site_name\" content=\"Jana On Camera\" \/>\n<meta property=\"article:publisher\" content=\"https:\/\/www.facebook.com\/janaoncamera\/\u00a0\" \/>\n<meta property=\"article:author\" content=\"https:\/\/www.facebook.com\/janaoncamera\/\u00a0\" \/>\n<meta property=\"article:published_time\" content=\"2021-02-17T20:57:14+00:00\" \/>\n<meta property=\"og:image\" content=\"https:\/\/i1.wp.com\/janaoncamera.com\/wp-content\/uploads\/2021\/02\/image006.png?fit=783%2C436&ssl=1\" \/>\n\t<meta property=\"og:image:width\" content=\"783\" \/>\n\t<meta property=\"og:image:height\" content=\"436\" \/>\n\t<meta property=\"og:image:type\" content=\"image\/png\" \/>\n<meta name=\"author\" content=\"Jana On Camera\" \/>\n<meta name=\"twitter:card\" content=\"summary_large_image\" \/>\n<meta name=\"twitter:creator\" content=\"@https:\/\/twitter.com\/janaoncamera\" \/>\n<meta name=\"twitter:site\" content=\"@janaoncamera\" \/>\n<meta name=\"twitter:label1\" content=\"Escrito por\" \/>\n\t<meta name=\"twitter:data1\" content=\"Jana On Camera\" \/>\n\t<meta name=\"twitter:label2\" content=\"Est. tempo de leitura\" \/>\n\t<meta name=\"twitter:data2\" content=\"2 minutes\" \/>\n<script type=\"application\/ld+json\" class=\"yoast-schema-graph\">{\"@context\":\"https:\\\/\\\/schema.org\",\"@graph\":[{\"@type\":\"Article\",\"@id\":\"https:\\\/\\\/janaoncamera.com\\\/br\\\/the-boarding-school-las-cumbres-launches-on-amazon-prime-video\\\/#article\",\"isPartOf\":{\"@id\":\"https:\\\/\\\/janaoncamera.com\\\/br\\\/the-boarding-school-las-cumbres-launches-on-amazon-prime-video\\\/\"},\"author\":{\"name\":\"Jana On Camera\",\"@id\":\"https:\\\/\\\/janaoncamera.com\\\/#\\\/schema\\\/person\\\/55a0818a77341aec8f4408cd11fde4d3\"},\"headline\":\"THE BOARDING SCHOOL LAS CUMBRES launches on Amazon Prime Video\",\"datePublished\":\"2021-02-17T20:57:14+00:00\",\"mainEntityOfPage\":{\"@id\":\"https:\\\/\\\/janaoncamera.com\\\/br\\\/the-boarding-school-las-cumbres-launches-on-amazon-prime-video\\\/\"},\"wordCount\":263,\"commentCount\":0,\"publisher\":{\"@id\":\"https:\\\/\\\/janaoncamera.com\\\/#\\\/schema\\\/person\\\/55a0818a77341aec8f4408cd11fde4d3\"},\"image\":{\"@id\":\"https:\\\/\\\/janaoncamera.com\\\/br\\\/the-boarding-school-las-cumbres-launches-on-amazon-prime-video\\\/#primaryimage\"},\"thumbnailUrl\":\"https:\\\/\\\/i0.wp.com\\\/janaoncamera.com\\\/wp-content\\\/uploads\\\/2021\\\/02\\\/image006.png?fit=783%2C436&ssl=1\",\"keywords\":[\"Amazon Prime Video\",\"El Internado\",\"The Boarding School Las CUmbres\"],\"articleSection\":[\"Drama\",\"News\",\"Trailer\",\"Trailers\"],\"inLanguage\":\"pt-BR\",\"potentialAction\":[{\"@type\":\"CommentAction\",\"name\":\"Comment\",\"target\":[\"https:\\\/\\\/janaoncamera.com\\\/br\\\/the-boarding-school-las-cumbres-launches-on-amazon-prime-video\\\/#respond\"]}]},{\"@type\":\"WebPage\",\"@id\":\"https:\\\/\\\/janaoncamera.com\\\/br\\\/the-boarding-school-las-cumbres-launches-on-amazon-prime-video\\\/\",\"url\":\"https:\\\/\\\/janaoncamera.com\\\/br\\\/the-boarding-school-las-cumbres-launches-on-amazon-prime-video\\\/\",\"name\":\"THE BOARDING SCHOOL LAS CUMBRES launches on Amazon Prime Video - Jana On Camera\",\"isPartOf\":{\"@id\":\"https:\\\/\\\/janaoncamera.com\\\/#website\"},\"primaryImageOfPage\":{\"@id\":\"https:\\\/\\\/janaoncamera.com\\\/br\\\/the-boarding-school-las-cumbres-launches-on-amazon-prime-video\\\/#primaryimage\"},\"image\":{\"@id\":\"https:\\\/\\\/janaoncamera.com\\\/br\\\/the-boarding-school-las-cumbres-launches-on-amazon-prime-video\\\/#primaryimage\"},\"thumbnailUrl\":\"https:\\\/\\\/i0.wp.com\\\/janaoncamera.com\\\/wp-content\\\/uploads\\\/2021\\\/02\\\/image006.png?fit=783%2C436&ssl=1\",\"datePublished\":\"2021-02-17T20:57:14+00:00\",\"breadcrumb\":{\"@id\":\"https:\\\/\\\/janaoncamera.com\\\/br\\\/the-boarding-school-las-cumbres-launches-on-amazon-prime-video\\\/#breadcrumb\"},\"inLanguage\":\"pt-BR\",\"potentialAction\":[{\"@type\":\"ReadAction\",\"target\":[\"https:\\\/\\\/janaoncamera.com\\\/br\\\/the-boarding-school-las-cumbres-launches-on-amazon-prime-video\\\/\"]}]},{\"@type\":\"ImageObject\",\"inLanguage\":\"pt-BR\",\"@id\":\"https:\\\/\\\/janaoncamera.com\\\/br\\\/the-boarding-school-las-cumbres-launches-on-amazon-prime-video\\\/#primaryimage\",\"url\":\"https:\\\/\\\/i0.wp.com\\\/janaoncamera.com\\\/wp-content\\\/uploads\\\/2021\\\/02\\\/image006.png?fit=783%2C436&ssl=1\",\"contentUrl\":\"https:\\\/\\\/i0.wp.com\\\/janaoncamera.com\\\/wp-content\\\/uploads\\\/2021\\\/02\\\/image006.png?fit=783%2C436&ssl=1\",\"width\":783,\"height\":436},{\"@type\":\"BreadcrumbList\",\"@id\":\"https:\\\/\\\/janaoncamera.com\\\/br\\\/the-boarding-school-las-cumbres-launches-on-amazon-prime-video\\\/#breadcrumb\",\"itemListElement\":[{\"@type\":\"ListItem\",\"position\":1,\"name\":\"Home\",\"item\":\"https:\\\/\\\/janaoncamera.com\\\/\"},{\"@type\":\"ListItem\",\"position\":2,\"name\":\"THE BOARDING SCHOOL LAS CUMBRES launches on Amazon Prime Video\"}]},{\"@type\":\"WebSite\",\"@id\":\"https:\\\/\\\/janaoncamera.com\\\/#website\",\"url\":\"https:\\\/\\\/janaoncamera.com\\\/\",\"name\":\"{:en}Jana On Camera{:}{:br}Jana On Camera{:}\",\"description\":\"Entrevistas do mundo do cinema, cr\u00edticas de filmes e muito mais\",\"publisher\":{\"@id\":\"https:\\\/\\\/janaoncamera.com\\\/#\\\/schema\\\/person\\\/55a0818a77341aec8f4408cd11fde4d3\"},\"potentialAction\":[{\"@type\":\"SearchAction\",\"target\":{\"@type\":\"EntryPoint\",\"urlTemplate\":\"https:\\\/\\\/janaoncamera.com\\\/?s={search_term_string}\"},\"query-input\":{\"@type\":\"PropertyValueSpecification\",\"valueRequired\":true,\"valueName\":\"search_term_string\"}}],\"inLanguage\":\"pt-BR\"},{\"@type\":[\"Person\",\"Organization\"],\"@id\":\"https:\\\/\\\/janaoncamera.com\\\/#\\\/schema\\\/person\\\/55a0818a77341aec8f4408cd11fde4d3\",\"name\":\"Jana On Camera\",\"image\":{\"@type\":\"ImageObject\",\"inLanguage\":\"pt-BR\",\"@id\":\"https:\\\/\\\/i0.wp.com\\\/janaoncamera.com\\\/wp-content\\\/uploads\\\/2014\\\/05\\\/img_2800-e1491355777790.jpg?fit=639%2C369&ssl=1\",\"url\":\"https:\\\/\\\/i0.wp.com\\\/janaoncamera.com\\\/wp-content\\\/uploads\\\/2014\\\/05\\\/img_2800-e1491355777790.jpg?fit=639%2C369&ssl=1\",\"contentUrl\":\"https:\\\/\\\/i0.wp.com\\\/janaoncamera.com\\\/wp-content\\\/uploads\\\/2014\\\/05\\\/img_2800-e1491355777790.jpg?fit=639%2C369&ssl=1\",\"width\":639,\"height\":369,\"caption\":\"Jana On Camera\"},\"logo\":{\"@id\":\"https:\\\/\\\/i0.wp.com\\\/janaoncamera.com\\\/wp-content\\\/uploads\\\/2014\\\/05\\\/img_2800-e1491355777790.jpg?fit=639%2C369&ssl=1\"},\"description\":\"Aside of being young at heart, I\u2019m daughter, wife, mom, friend, journalist, producer, programmer, editor, occasional voice over, etc.. and yes in this order. I\u2019m Brazilian, originally from S\u00e3o Paulo and I moved to the US almost 18 years ago to pursue my masters degree in Broadcast Communication. I love all forms of artist manifestations especially movies and music! #movielover. My addictions are brigadeiro (it\u2019s a unique Brazilian chocolate fudge), dulce de leche, caramel macchiato\u2026 I just moved to Los Angeles, California!!!! And I will keep you up-to-date with the Golden State news!!!! You can follow me @janaoncamera or www.janaoncamera.com or on my You Tube channel Jana On Camera\",\"sameAs\":[\"http:\\\/\\\/www.janaoncamera.com\",\"https:\\\/\\\/www.facebook.com\\\/janaoncamera\\\/\u00a0\",\"https:\\\/\\\/www.instagram.com\\\/janaoncamera\\\/\",\"https:\\\/\\\/x.com\\\/https:\\\/\\\/twitter.com\\\/janaoncamera\",\"https:\\\/\\\/www.youtube.com\\\/@janaoncamera\"],\"url\":\"https:\\\/\\\/janaoncamera.com\\\/br\\\/author\\\/jana1023\\\/\"}]}<\/script>\n<!-- \/ Yoast SEO plugin. -->","yoast_head_json":{"title":"THE BOARDING SCHOOL LAS CUMBRES launches on Amazon Prime Video - Jana On Camera","robots":{"index":"index","follow":"follow","max-snippet":"max-snippet:-1","max-image-preview":"max-image-preview:large","max-video-preview":"max-video-preview:-1"},"canonical":"https:\/\/janaoncamera.com\/br\/the-boarding-school-las-cumbres-launches-on-amazon-prime-video\/","og_locale":"pt_BR","og_type":"article","og_title":"THE BOARDING SCHOOL LAS CUMBRES launches on Amazon Prime Video - Jana On Camera","og_url":"https:\/\/janaoncamera.com\/br\/the-boarding-school-las-cumbres-launches-on-amazon-prime-video\/","og_site_name":"Jana On Camera","article_publisher":"https:\/\/www.facebook.com\/janaoncamera\/\u00a0","article_author":"https:\/\/www.facebook.com\/janaoncamera\/\u00a0","article_published_time":"2021-02-17T20:57:14+00:00","og_image":[{"width":783,"height":436,"url":"https:\/\/i1.wp.com\/janaoncamera.com\/wp-content\/uploads\/2021\/02\/image006.png?fit=783%2C436&ssl=1","type":"image\/png"}],"author":"Jana On Camera","twitter_card":"summary_large_image","twitter_creator":"@https:\/\/twitter.com\/janaoncamera","twitter_site":"@janaoncamera","twitter_misc":{"Escrito por":"Jana On Camera","Est. tempo de leitura":"2 minutes"},"schema":{"@context":"https:\/\/schema.org","@graph":[{"@type":"Article","@id":"https:\/\/janaoncamera.com\/br\/the-boarding-school-las-cumbres-launches-on-amazon-prime-video\/#article","isPartOf":{"@id":"https:\/\/janaoncamera.com\/br\/the-boarding-school-las-cumbres-launches-on-amazon-prime-video\/"},"author":{"name":"Jana On Camera","@id":"https:\/\/janaoncamera.com\/#\/schema\/person\/55a0818a77341aec8f4408cd11fde4d3"},"headline":"THE BOARDING SCHOOL LAS CUMBRES launches on Amazon Prime Video","datePublished":"2021-02-17T20:57:14+00:00","mainEntityOfPage":{"@id":"https:\/\/janaoncamera.com\/br\/the-boarding-school-las-cumbres-launches-on-amazon-prime-video\/"},"wordCount":263,"commentCount":0,"publisher":{"@id":"https:\/\/janaoncamera.com\/#\/schema\/person\/55a0818a77341aec8f4408cd11fde4d3"},"image":{"@id":"https:\/\/janaoncamera.com\/br\/the-boarding-school-las-cumbres-launches-on-amazon-prime-video\/#primaryimage"},"thumbnailUrl":"https:\/\/i0.wp.com\/janaoncamera.com\/wp-content\/uploads\/2021\/02\/image006.png?fit=783%2C436&ssl=1","keywords":["Amazon Prime Video","El Internado","The Boarding School Las CUmbres"],"articleSection":["Drama","News","Trailer","Trailers"],"inLanguage":"pt-BR","potentialAction":[{"@type":"CommentAction","name":"Comment","target":["https:\/\/janaoncamera.com\/br\/the-boarding-school-las-cumbres-launches-on-amazon-prime-video\/#respond"]}]},{"@type":"WebPage","@id":"https:\/\/janaoncamera.com\/br\/the-boarding-school-las-cumbres-launches-on-amazon-prime-video\/","url":"https:\/\/janaoncamera.com\/br\/the-boarding-school-las-cumbres-launches-on-amazon-prime-video\/","name":"THE BOARDING SCHOOL LAS CUMBRES launches on Amazon Prime Video - Jana On Camera","isPartOf":{"@id":"https:\/\/janaoncamera.com\/#website"},"primaryImageOfPage":{"@id":"https:\/\/janaoncamera.com\/br\/the-boarding-school-las-cumbres-launches-on-amazon-prime-video\/#primaryimage"},"image":{"@id":"https:\/\/janaoncamera.com\/br\/the-boarding-school-las-cumbres-launches-on-amazon-prime-video\/#primaryimage"},"thumbnailUrl":"https:\/\/i0.wp.com\/janaoncamera.com\/wp-content\/uploads\/2021\/02\/image006.png?fit=783%2C436&ssl=1","datePublished":"2021-02-17T20:57:14+00:00","breadcrumb":{"@id":"https:\/\/janaoncamera.com\/br\/the-boarding-school-las-cumbres-launches-on-amazon-prime-video\/#breadcrumb"},"inLanguage":"pt-BR","potentialAction":[{"@type":"ReadAction","target":["https:\/\/janaoncamera.com\/br\/the-boarding-school-las-cumbres-launches-on-amazon-prime-video\/"]}]},{"@type":"ImageObject","inLanguage":"pt-BR","@id":"https:\/\/janaoncamera.com\/br\/the-boarding-school-las-cumbres-launches-on-amazon-prime-video\/#primaryimage","url":"https:\/\/i0.wp.com\/janaoncamera.com\/wp-content\/uploads\/2021\/02\/image006.png?fit=783%2C436&ssl=1","contentUrl":"https:\/\/i0.wp.com\/janaoncamera.com\/wp-content\/uploads\/2021\/02\/image006.png?fit=783%2C436&ssl=1","width":783,"height":436},{"@type":"BreadcrumbList","@id":"https:\/\/janaoncamera.com\/br\/the-boarding-school-las-cumbres-launches-on-amazon-prime-video\/#breadcrumb","itemListElement":[{"@type":"ListItem","position":1,"name":"Home","item":"https:\/\/janaoncamera.com\/"},{"@type":"ListItem","position":2,"name":"THE BOARDING SCHOOL LAS CUMBRES launches on Amazon Prime Video"}]},{"@type":"WebSite","@id":"https:\/\/janaoncamera.com\/#website","url":"https:\/\/janaoncamera.com\/","name":"{:en}Jana On Camera{:}{:br}Jana On Camera{:}","description":"Entrevistas do mundo do cinema, cr\u00edticas de filmes e muito mais","publisher":{"@id":"https:\/\/janaoncamera.com\/#\/schema\/person\/55a0818a77341aec8f4408cd11fde4d3"},"potentialAction":[{"@type":"SearchAction","target":{"@type":"EntryPoint","urlTemplate":"https:\/\/janaoncamera.com\/?s={search_term_string}"},"query-input":{"@type":"PropertyValueSpecification","valueRequired":true,"valueName":"search_term_string"}}],"inLanguage":"pt-BR"},{"@type":["Person","Organization"],"@id":"https:\/\/janaoncamera.com\/#\/schema\/person\/55a0818a77341aec8f4408cd11fde4d3","name":"Jana On Camera","image":{"@type":"ImageObject","inLanguage":"pt-BR","@id":"https:\/\/i0.wp.com\/janaoncamera.com\/wp-content\/uploads\/2014\/05\/img_2800-e1491355777790.jpg?fit=639%2C369&ssl=1","url":"https:\/\/i0.wp.com\/janaoncamera.com\/wp-content\/uploads\/2014\/05\/img_2800-e1491355777790.jpg?fit=639%2C369&ssl=1","contentUrl":"https:\/\/i0.wp.com\/janaoncamera.com\/wp-content\/uploads\/2014\/05\/img_2800-e1491355777790.jpg?fit=639%2C369&ssl=1","width":639,"height":369,"caption":"Jana On Camera"},"logo":{"@id":"https:\/\/i0.wp.com\/janaoncamera.com\/wp-content\/uploads\/2014\/05\/img_2800-e1491355777790.jpg?fit=639%2C369&ssl=1"},"description":"Aside of being young at heart, I\u2019m daughter, wife, mom, friend, journalist, producer, programmer, editor, occasional voice over, etc.. and yes in this order. I\u2019m Brazilian, originally from S\u00e3o Paulo and I moved to the US almost 18 years ago to pursue my masters degree in Broadcast Communication. I love all forms of artist manifestations especially movies and music! #movielover. My addictions are brigadeiro (it\u2019s a unique Brazilian chocolate fudge), dulce de leche, caramel macchiato\u2026 I just moved to Los Angeles, California!!!! And I will keep you up-to-date with the Golden State news!!!! You can follow me @janaoncamera or www.janaoncamera.com or on my You Tube channel Jana On Camera","sameAs":["http:\/\/www.janaoncamera.com","https:\/\/www.facebook.com\/janaoncamera\/\u00a0","https:\/\/www.instagram.com\/janaoncamera\/","https:\/\/x.com\/https:\/\/twitter.com\/janaoncamera","https:\/\/www.youtube.com\/@janaoncamera"],"url":"https:\/\/janaoncamera.com\/br\/author\/jana1023\/"}]}},"jetpack_publicize_connections":[],"jetpack_featured_media_url":"https:\/\/i0.wp.com\/janaoncamera.com\/wp-content\/uploads\/2021\/02\/image006.png?fit=783%2C436&ssl=1","jetpack_likes_enabled":true,"jetpack_sharing_enabled":true,"jetpack_shortlink":"https:\/\/wp.me\/p4D6sY-1sk","amp_enabled":true,"_links":{"self":[{"href":"https:\/\/janaoncamera.com\/br\/wp-json\/wp\/v2\/posts\/5600","targetHints":{"allow":["GET"]}}],"collection":[{"href":"https:\/\/janaoncamera.com\/br\/wp-json\/wp\/v2\/posts"}],"about":[{"href":"https:\/\/janaoncamera.com\/br\/wp-json\/wp\/v2\/types\/post"}],"author":[{"embeddable":true,"href":"https:\/\/janaoncamera.com\/br\/wp-json\/wp\/v2\/users\/65443104"}],"replies":[{"embeddable":true,"href":"https:\/\/janaoncamera.com\/br\/wp-json\/wp\/v2\/comments?post=5600"}],"version-history":[{"count":3,"href":"https:\/\/janaoncamera.com\/br\/wp-json\/wp\/v2\/posts\/5600\/revisions"}],"predecessor-version":[{"id":5605,"href":"https:\/\/janaoncamera.com\/br\/wp-json\/wp\/v2\/posts\/5600\/revisions\/5605"}],"wp:featuredmedia":[{"embeddable":true,"href":"https:\/\/janaoncamera.com\/br\/wp-json\/wp\/v2\/media\/5603"}],"wp:attachment":[{"href":"https:\/\/janaoncamera.com\/br\/wp-json\/wp\/v2\/media?parent=5600"}],"wp:term":[{"taxonomy":"category","embeddable":true,"href":"https:\/\/janaoncamera.com\/br\/wp-json\/wp\/v2\/categories?post=5600"},{"taxonomy":"post_tag","embeddable":true,"href":"https:\/\/janaoncamera.com\/br\/wp-json\/wp\/v2\/tags?post=5600"}],"curies":[{"name":"wp","href":"https:\/\/api.w.org\/{rel}","templated":true}]}}